{"id":3043,"date":"2026-04-17T10:00:06","date_gmt":"2026-04-17T08:00:06","guid":{"rendered":"https:\/\/latrinite-neuilly.fr\/?p=3043"},"modified":"2026-04-29T10:03:47","modified_gmt":"2026-04-29T08:03:47","slug":"les-arts-visuels-dans-le-monde-de-la-petite-section-au-cm2","status":"publish","type":"post","link":"https:\/\/latrinite-neuilly.fr\/?p=3043","title":{"rendered":"Les arts visuels dans le monde \u2013 De la Petite Section au CM2"},"content":{"rendered":"\n<p>L\u2019\u00e9quipe p\u00e9dagogique de l\u2019\u00e9cole a mis en place un projet transversal intitul\u00e9 : <strong>\u00ab Les arts visuels dans le monde \u00bb.<\/strong><\/p>\n\n\n\n<p>Ce projet vise \u00e0 sensibiliser les \u00e9l\u00e8ves, de la Petite Section au CM2, \u00e0 la diversit\u00e9 culturelle mondiale \u00e0 travers les pratiques artistiques. Il s\u2019inscrit dans les programmes de l\u2019\u00c9ducation nationale et mobilise plusieurs domaines d\u2019apprentissage : arts plastiques, histoire des arts, g\u00e9ographie, litt\u00e9rature, \u00e9ducation musicale et expression orale.<\/p>\n\n\n\n<p><strong>Th\u00e9matique : D\u00e9couverte du monde<\/strong><\/p>\n\n\n\n<p>Les \u00e9l\u00e8ves explorent les arts \u00e0 travers une approche sensorielle et ludique.<\/p>\n\n\n\n<p>Le projet a donn\u00e9 lieu \u00e0 une expo \u00ab&nbsp;f\u00eate des arts&nbsp;\u00bb<\/p>\n\n\n\n<p><strong>CP : Voyage musical autour du monde<\/strong><\/p>\n\n\n\n<ul class=\"wp-block-list\">\n<li>D\u00e9couverte d\u2019instruments traditionnels<\/li>\n\n\n\n<li>\u00c9coute de musiques du monde<\/li>\n\n\n\n<li>Localisation des instruments sur une carte<\/li>\n<\/ul>\n\n\n\n<p><strong>CE1 : R\u00e9alisation de tableaux vivants ( Leonard de Vinci, Gauguin, Courbet)<\/strong><\/p>\n\n\n\n<ul class=\"wp-block-list\">\n<li>\u00c9tude d\u2019\u0153uvres majeures de l\u2019histoire de l\u2019art<\/li>\n\n\n\n<li>R\u00e9alisation de tableaux vivants<\/li>\n\n\n\n<li>Travail sur les postures, les \u00e9motions et la mise en sc\u00e8ne<\/li>\n<\/ul>\n\n\n\n<ul class=\"wp-block-list\">\n<li>Comprendre une intention artistique<\/li>\n\n\n\n<li>S\u2019exprimer par le corps<\/li>\n<\/ul>\n\n\n\n<p><strong>CE2 : Litt\u00e9rature fantastique anglaise<\/strong><\/p>\n\n\n\n<ul class=\"wp-block-list\">\n<li>D\u00e9couverte du genre fantastique<\/li>\n\n\n\n<li>Lecture d\u2019extraits adapt\u00e9s<\/li>\n\n\n\n<li>Production d\u2019un r\u00e9cit fantastique<\/li>\n<\/ul>\n\n\n\n<p><strong>CM1 : Aux origines du cin\u00e9ma<\/strong><\/p>\n\n\n\n<ul class=\"wp-block-list\">\n<li>\u00c9tude de l\u2019invention du cin\u00e9matographe<\/li>\n\n\n\n<li>D\u00e9couverte des premi\u00e8res images anim\u00e9es<\/li>\n\n\n\n<li>Cr\u00e9ation de flip books<\/li>\n<\/ul>\n\n\n\n<p><strong>CM2 : Les masques du monde<\/strong><\/p>\n\n\n\n<ul class=\"wp-block-list\">\n<li>\u00c9tude de masques issus de diff\u00e9rents continents<\/li>\n\n\n\n<li>Analyse de leur fonction culturelle et symbolique<\/li>\n\n\n\n<li>Cr\u00e9ation de masques<\/li>\n<\/ul>\n\n\n\n<p><strong>CM1\/CM2 : Parcours d\u2019artistes internationaux<\/strong><\/p>\n\n\n\n<ul class=\"wp-block-list\">\n<li>Recherche sur des artistes majeurs<\/li>\n\n\n\n<li>R\u00e9alisation d\u2019expos\u00e9s des artistes majeurs (Victor Hugo, Frida Khalo, Leonard de Vinci, Fr\u00e8res Lumi\u00e8res\u2026)<\/li>\n\n\n\n<li>Pr\u00e9sentations orales et supports visuels<\/li>\n<\/ul>\n\n\n\n<p><strong>En PS&nbsp;: les fleurs soleils (peinture)<\/strong><\/p>\n\n\n\n<p><strong>En MS&nbsp;: d\u00e9couverte d\u2019un artiste uruguayen Torres Garcia<\/strong><\/p>\n\n\n\n<p><strong>En GS&nbsp;: les graphismes de monde<\/strong><\/p>\n\n\n\n<p>Ce projet f\u00e9d\u00e9rateur a \u00e9t\u00e9 appr\u00e9ci\u00e9 par tous les \u00e9l\u00e8ves&nbsp;!<br>Par ailleurs, cette exp\u00e9rience a renforc\u00e9 la coh\u00e9sion entre les \u00e9l\u00e8ves, en leur offrant le plaisir de partager une journ\u00e9e conviviale entre petits et grands. Ces moments d\u2019\u00e9change ont favoris\u00e9 l\u2019entraide, le respect mutuel et le sentiment d\u2019appartenance \u00e0 une m\u00eame communaut\u00e9 scolaire.<\/p>\n\n\n\n<figure class=\"wp-block-gallery has-nested-images columns-default is-cropped wp-block-gallery-1 is-layout-flex wp-block-gallery-is-layout-flex\">\n<figure class=\"wp-block-image size-large\"><img loading=\"lazy\" decoding=\"async\" width=\"380\" height=\"285\" data-id=\"3045\" src=\"https:\/\/latrinite-neuilly.fr\/wp-content\/uploads\/2026\/04\/20260416_094528.jpg\" alt=\"\" class=\"wp-image-3045\" srcset=\"https:\/\/latrinite-neuilly.fr\/wp-content\/uploads\/2026\/04\/20260416_094528.jpg 380w, https:\/\/latrinite-neuilly.fr\/wp-content\/uploads\/2026\/04\/20260416_094528-300x225.jpg 300w\" sizes=\"auto, (max-width: 380px) 100vw, 380px\" \/><\/figure>\n\n\n\n<figure class=\"wp-block-image size-large\"><img loading=\"lazy\" decoding=\"async\" width=\"380\" height=\"285\" data-id=\"3046\" src=\"https:\/\/latrinite-neuilly.fr\/wp-content\/uploads\/2026\/04\/20260416_094916.jpg\" alt=\"\" class=\"wp-image-3046\" srcset=\"https:\/\/latrinite-neuilly.fr\/wp-content\/uploads\/2026\/04\/20260416_094916.jpg 380w, https:\/\/latrinite-neuilly.fr\/wp-content\/uploads\/2026\/04\/20260416_094916-300x225.jpg 300w\" sizes=\"auto, (max-width: 380px) 100vw, 380px\" \/><\/figure>\n\n\n\n<figure class=\"wp-block-image size-large\"><img loading=\"lazy\" decoding=\"async\" width=\"380\" height=\"285\" data-id=\"3048\" src=\"https:\/\/latrinite-neuilly.fr\/wp-content\/uploads\/2026\/04\/20260416_102046.jpg\" alt=\"\" class=\"wp-image-3048\" srcset=\"https:\/\/latrinite-neuilly.fr\/wp-content\/uploads\/2026\/04\/20260416_102046.jpg 380w, https:\/\/latrinite-neuilly.fr\/wp-content\/uploads\/2026\/04\/20260416_102046-300x225.jpg 300w\" sizes=\"auto, (max-width: 380px) 100vw, 380px\" \/><\/figure>\n\n\n\n<figure class=\"wp-block-image size-large\"><img loading=\"lazy\" decoding=\"async\" width=\"380\" height=\"506\" data-id=\"3049\" src=\"https:\/\/latrinite-neuilly.fr\/wp-content\/uploads\/2026\/04\/20260416_102706.jpg\" alt=\"\" class=\"wp-image-3049\" srcset=\"https:\/\/latrinite-neuilly.fr\/wp-content\/uploads\/2026\/04\/20260416_102706.jpg 380w, https:\/\/latrinite-neuilly.fr\/wp-content\/uploads\/2026\/04\/20260416_102706-225x300.jpg 225w\" sizes=\"auto, (max-width: 380px) 100vw, 380px\" \/><\/figure>\n\n\n\n<figure class=\"wp-block-image size-large\"><img loading=\"lazy\" decoding=\"async\" width=\"380\" height=\"285\" data-id=\"3047\" src=\"https:\/\/latrinite-neuilly.fr\/wp-content\/uploads\/2026\/04\/IMG-20260416-WA0116.jpg\" alt=\"\" class=\"wp-image-3047\" srcset=\"https:\/\/latrinite-neuilly.fr\/wp-content\/uploads\/2026\/04\/IMG-20260416-WA0116.jpg 380w, https:\/\/latrinite-neuilly.fr\/wp-content\/uploads\/2026\/04\/IMG-20260416-WA0116-300x225.jpg 300w\" sizes=\"auto, (max-width: 380px) 100vw, 380px\" \/><\/figure>\n<\/figure>\n","protected":false},"excerpt":{"rendered":"<p>L\u2019\u00e9quipe p\u00e9dagogique de l\u2019\u00e9cole a mis en place un projet transversal intitul\u00e9 : \u00ab Les arts visuels dans le monde &hellip; <\/p>\n","protected":false},"author":4,"featured_media":3044,"comment_status":"closed","ping_status":"closed","sticky":false,"template":"","format":"standard","meta":{"footnotes":""},"categories":[8],"tags":[],"class_list":["post-3043","post","type-post","status-publish","format-standard","has-post-thumbnail","hentry","category-ecole","latest_post"],"yoast_head":"<!-- This site is optimized with the Yoast SEO plugin v27.5 - https:\/\/yoast.com\/product\/yoast-seo-wordpress\/ -->\n<title>Les arts visuels dans le monde \u2013 De la Petite Section au CM2 - La Trinit\u00e9 Neuilly<\/title>\n<meta name=\"description\" content=\"Toute l&#039;actualit\u00e9 du Groupe scolaire La Trinit\u00e9 Neuilly\" \/>\n<meta name=\"robots\" content=\"index, follow, max-snippet:-1, max-image-preview:large, max-video-preview:-1\" \/>\n<link rel=\"canonical\" href=\"https:\/\/latrinite-neuilly.fr\/?p=3043\" \/>\n<meta property=\"og:locale\" content=\"fr_FR\" \/>\n<meta property=\"og:type\" content=\"article\" \/>\n<meta property=\"og:title\" content=\"Les arts visuels dans le monde \u2013 De la Petite Section au CM2 - La Trinit\u00e9 Neuilly\" \/>\n<meta property=\"og:description\" content=\"Toute l&#039;actualit\u00e9 du Groupe scolaire La Trinit\u00e9 Neuilly\" \/>\n<meta property=\"og:url\" content=\"https:\/\/latrinite-neuilly.fr\/?p=3043\" \/>\n<meta property=\"og:site_name\" content=\"La Trinit\u00e9 Neuilly\" \/>\n<meta property=\"article:published_time\" content=\"2026-04-17T08:00:06+00:00\" \/>\n<meta property=\"article:modified_time\" content=\"2026-04-29T08:03:47+00:00\" \/>\n<meta property=\"og:image\" content=\"https:\/\/latrinite-neuilly.fr\/wp-content\/uploads\/2026\/04\/IMG-20260416-WA0115.jpg\" \/>\n\t<meta property=\"og:image:width\" content=\"380\" \/>\n\t<meta property=\"og:image:height\" content=\"285\" \/>\n\t<meta property=\"og:image:type\" content=\"image\/jpeg\" \/>\n<meta name=\"author\" content=\"M OUAR\" \/>\n<meta name=\"twitter:card\" content=\"summary_large_image\" \/>\n<meta name=\"twitter:label1\" content=\"\u00c9crit par\" \/>\n\t<meta name=\"twitter:data1\" content=\"M OUAR\" \/>\n\t<meta name=\"twitter:label2\" content=\"Dur\u00e9e de lecture estim\u00e9e\" \/>\n\t<meta name=\"twitter:data2\" content=\"3 minutes\" \/>\n<script type=\"application\/ld+json\" class=\"yoast-schema-graph\">{\"@context\":\"https:\\\/\\\/schema.org\",\"@graph\":[{\"@type\":\"Article\",\"@id\":\"https:\\\/\\\/latrinite-neuilly.fr\\\/?p=3043#article\",\"isPartOf\":{\"@id\":\"https:\\\/\\\/latrinite-neuilly.fr\\\/?p=3043\"},\"author\":{\"name\":\"M OUAR\",\"@id\":\"https:\\\/\\\/latrinite-neuilly.fr\\\/#\\\/schema\\\/person\\\/9eba293ac3d1b349f8a0a40421d6130f\"},\"headline\":\"Les arts visuels dans le monde \u2013 De la Petite Section au CM2\",\"datePublished\":\"2026-04-17T08:00:06+00:00\",\"dateModified\":\"2026-04-29T08:03:47+00:00\",\"mainEntityOfPage\":{\"@id\":\"https:\\\/\\\/latrinite-neuilly.fr\\\/?p=3043\"},\"wordCount\":381,\"publisher\":{\"@id\":\"https:\\\/\\\/latrinite-neuilly.fr\\\/#organization\"},\"image\":{\"@id\":\"https:\\\/\\\/latrinite-neuilly.fr\\\/?p=3043#primaryimage\"},\"thumbnailUrl\":\"https:\\\/\\\/latrinite-neuilly.fr\\\/wp-content\\\/uploads\\\/2026\\\/04\\\/IMG-20260416-WA0115.jpg\",\"articleSection\":[\"Ecole\"],\"inLanguage\":\"fr-FR\"},{\"@type\":\"WebPage\",\"@id\":\"https:\\\/\\\/latrinite-neuilly.fr\\\/?p=3043\",\"url\":\"https:\\\/\\\/latrinite-neuilly.fr\\\/?p=3043\",\"name\":\"Les arts visuels dans le monde \u2013 De la Petite Section au CM2 - La Trinit\u00e9 Neuilly\",\"isPartOf\":{\"@id\":\"https:\\\/\\\/latrinite-neuilly.fr\\\/#website\"},\"primaryImageOfPage\":{\"@id\":\"https:\\\/\\\/latrinite-neuilly.fr\\\/?p=3043#primaryimage\"},\"image\":{\"@id\":\"https:\\\/\\\/latrinite-neuilly.fr\\\/?p=3043#primaryimage\"},\"thumbnailUrl\":\"https:\\\/\\\/latrinite-neuilly.fr\\\/wp-content\\\/uploads\\\/2026\\\/04\\\/IMG-20260416-WA0115.jpg\",\"datePublished\":\"2026-04-17T08:00:06+00:00\",\"dateModified\":\"2026-04-29T08:03:47+00:00\",\"description\":\"Toute l'actualit\u00e9 du Groupe scolaire La Trinit\u00e9 Neuilly\",\"breadcrumb\":{\"@id\":\"https:\\\/\\\/latrinite-neuilly.fr\\\/?p=3043#breadcrumb\"},\"inLanguage\":\"fr-FR\",\"potentialAction\":[{\"@type\":\"ReadAction\",\"target\":[\"https:\\\/\\\/latrinite-neuilly.fr\\\/?p=3043\"]}]},{\"@type\":\"ImageObject\",\"inLanguage\":\"fr-FR\",\"@id\":\"https:\\\/\\\/latrinite-neuilly.fr\\\/?p=3043#primaryimage\",\"url\":\"https:\\\/\\\/latrinite-neuilly.fr\\\/wp-content\\\/uploads\\\/2026\\\/04\\\/IMG-20260416-WA0115.jpg\",\"contentUrl\":\"https:\\\/\\\/latrinite-neuilly.fr\\\/wp-content\\\/uploads\\\/2026\\\/04\\\/IMG-20260416-WA0115.jpg\",\"width\":380,\"height\":285},{\"@type\":\"BreadcrumbList\",\"@id\":\"https:\\\/\\\/latrinite-neuilly.fr\\\/?p=3043#breadcrumb\",\"itemListElement\":[{\"@type\":\"ListItem\",\"position\":1,\"name\":\"Bienveillance sans complaisance \u00bb Exigence sans \u00e9litisme\",\"item\":\"https:\\\/\\\/latrinite-neuilly.fr\\\/\"},{\"@type\":\"ListItem\",\"position\":2,\"name\":\"Les arts visuels dans le monde \u2013 De la Petite Section au CM2\"}]},{\"@type\":\"WebSite\",\"@id\":\"https:\\\/\\\/latrinite-neuilly.fr\\\/#website\",\"url\":\"https:\\\/\\\/latrinite-neuilly.fr\\\/\",\"name\":\"La Trinit\u00e9 Neuilly\",\"description\":\"Exigence sans \u00e9litisme, bienveillance sans complaisance.\",\"publisher\":{\"@id\":\"https:\\\/\\\/latrinite-neuilly.fr\\\/#organization\"},\"potentialAction\":[{\"@type\":\"SearchAction\",\"target\":{\"@type\":\"EntryPoint\",\"urlTemplate\":\"https:\\\/\\\/latrinite-neuilly.fr\\\/?s={search_term_string}\"},\"query-input\":{\"@type\":\"PropertyValueSpecification\",\"valueRequired\":true,\"valueName\":\"search_term_string\"}}],\"inLanguage\":\"fr-FR\"},{\"@type\":\"Organization\",\"@id\":\"https:\\\/\\\/latrinite-neuilly.fr\\\/#organization\",\"name\":\"Groupe scolaire La Trinit\u00e9 Neuilly\",\"alternateName\":\"La trinit\u00e9 Neuilly\",\"url\":\"https:\\\/\\\/latrinite-neuilly.fr\\\/\",\"logo\":{\"@type\":\"ImageObject\",\"inLanguage\":\"fr-FR\",\"@id\":\"https:\\\/\\\/latrinite-neuilly.fr\\\/#\\\/schema\\\/logo\\\/image\\\/\",\"url\":\"https:\\\/\\\/latrinite-neuilly.fr\\\/wp-content\\\/uploads\\\/2025\\\/02\\\/logo-la-trinite-HD-3.png\",\"contentUrl\":\"https:\\\/\\\/latrinite-neuilly.fr\\\/wp-content\\\/uploads\\\/2025\\\/02\\\/logo-la-trinite-HD-3.png\",\"width\":94,\"height\":137,\"caption\":\"Groupe scolaire La Trinit\u00e9 Neuilly\"},\"image\":{\"@id\":\"https:\\\/\\\/latrinite-neuilly.fr\\\/#\\\/schema\\\/logo\\\/image\\\/\"}},{\"@type\":\"Person\",\"@id\":\"https:\\\/\\\/latrinite-neuilly.fr\\\/#\\\/schema\\\/person\\\/9eba293ac3d1b349f8a0a40421d6130f\",\"name\":\"M OUAR\",\"image\":{\"@type\":\"ImageObject\",\"inLanguage\":\"fr-FR\",\"@id\":\"https:\\\/\\\/secure.gravatar.com\\\/avatar\\\/8f419abbbfd193e9fd930f1c591d7d2ef3977a349785da40d32d4aea63cbf269?s=96&d=mm&r=g\",\"url\":\"https:\\\/\\\/secure.gravatar.com\\\/avatar\\\/8f419abbbfd193e9fd930f1c591d7d2ef3977a349785da40d32d4aea63cbf269?s=96&d=mm&r=g\",\"contentUrl\":\"https:\\\/\\\/secure.gravatar.com\\\/avatar\\\/8f419abbbfd193e9fd930f1c591d7d2ef3977a349785da40d32d4aea63cbf269?s=96&d=mm&r=g\",\"caption\":\"M OUAR\"},\"sameAs\":[\"https:\\\/\\\/latrinite-neuilly.fr\"],\"url\":\"https:\\\/\\\/latrinite-neuilly.fr\\\/?author=4\"}]}<\/script>\n<!-- \/ Yoast SEO plugin. -->","yoast_head_json":{"title":"Les arts visuels dans le monde \u2013 De la Petite Section au CM2 - La Trinit\u00e9 Neuilly","description":"Toute l'actualit\u00e9 du Groupe scolaire La Trinit\u00e9 Neuilly","robots":{"index":"index","follow":"follow","max-snippet":"max-snippet:-1","max-image-preview":"max-image-preview:large","max-video-preview":"max-video-preview:-1"},"canonical":"https:\/\/latrinite-neuilly.fr\/?p=3043","og_locale":"fr_FR","og_type":"article","og_title":"Les arts visuels dans le monde \u2013 De la Petite Section au CM2 - La Trinit\u00e9 Neuilly","og_description":"Toute l'actualit\u00e9 du Groupe scolaire La Trinit\u00e9 Neuilly","og_url":"https:\/\/latrinite-neuilly.fr\/?p=3043","og_site_name":"La Trinit\u00e9 Neuilly","article_published_time":"2026-04-17T08:00:06+00:00","article_modified_time":"2026-04-29T08:03:47+00:00","og_image":[{"width":380,"height":285,"url":"https:\/\/latrinite-neuilly.fr\/wp-content\/uploads\/2026\/04\/IMG-20260416-WA0115.jpg","type":"image\/jpeg"}],"author":"M OUAR","twitter_card":"summary_large_image","twitter_misc":{"\u00c9crit par":"M OUAR","Dur\u00e9e de lecture estim\u00e9e":"3 minutes"},"schema":{"@context":"https:\/\/schema.org","@graph":[{"@type":"Article","@id":"https:\/\/latrinite-neuilly.fr\/?p=3043#article","isPartOf":{"@id":"https:\/\/latrinite-neuilly.fr\/?p=3043"},"author":{"name":"M OUAR","@id":"https:\/\/latrinite-neuilly.fr\/#\/schema\/person\/9eba293ac3d1b349f8a0a40421d6130f"},"headline":"Les arts visuels dans le monde \u2013 De la Petite Section au CM2","datePublished":"2026-04-17T08:00:06+00:00","dateModified":"2026-04-29T08:03:47+00:00","mainEntityOfPage":{"@id":"https:\/\/latrinite-neuilly.fr\/?p=3043"},"wordCount":381,"publisher":{"@id":"https:\/\/latrinite-neuilly.fr\/#organization"},"image":{"@id":"https:\/\/latrinite-neuilly.fr\/?p=3043#primaryimage"},"thumbnailUrl":"https:\/\/latrinite-neuilly.fr\/wp-content\/uploads\/2026\/04\/IMG-20260416-WA0115.jpg","articleSection":["Ecole"],"inLanguage":"fr-FR"},{"@type":"WebPage","@id":"https:\/\/latrinite-neuilly.fr\/?p=3043","url":"https:\/\/latrinite-neuilly.fr\/?p=3043","name":"Les arts visuels dans le monde \u2013 De la Petite Section au CM2 - La Trinit\u00e9 Neuilly","isPartOf":{"@id":"https:\/\/latrinite-neuilly.fr\/#website"},"primaryImageOfPage":{"@id":"https:\/\/latrinite-neuilly.fr\/?p=3043#primaryimage"},"image":{"@id":"https:\/\/latrinite-neuilly.fr\/?p=3043#primaryimage"},"thumbnailUrl":"https:\/\/latrinite-neuilly.fr\/wp-content\/uploads\/2026\/04\/IMG-20260416-WA0115.jpg","datePublished":"2026-04-17T08:00:06+00:00","dateModified":"2026-04-29T08:03:47+00:00","description":"Toute l'actualit\u00e9 du Groupe scolaire La Trinit\u00e9 Neuilly","breadcrumb":{"@id":"https:\/\/latrinite-neuilly.fr\/?p=3043#breadcrumb"},"inLanguage":"fr-FR","potentialAction":[{"@type":"ReadAction","target":["https:\/\/latrinite-neuilly.fr\/?p=3043"]}]},{"@type":"ImageObject","inLanguage":"fr-FR","@id":"https:\/\/latrinite-neuilly.fr\/?p=3043#primaryimage","url":"https:\/\/latrinite-neuilly.fr\/wp-content\/uploads\/2026\/04\/IMG-20260416-WA0115.jpg","contentUrl":"https:\/\/latrinite-neuilly.fr\/wp-content\/uploads\/2026\/04\/IMG-20260416-WA0115.jpg","width":380,"height":285},{"@type":"BreadcrumbList","@id":"https:\/\/latrinite-neuilly.fr\/?p=3043#breadcrumb","itemListElement":[{"@type":"ListItem","position":1,"name":"Bienveillance sans complaisance \u00bb Exigence sans \u00e9litisme","item":"https:\/\/latrinite-neuilly.fr\/"},{"@type":"ListItem","position":2,"name":"Les arts visuels dans le monde \u2013 De la Petite Section au CM2"}]},{"@type":"WebSite","@id":"https:\/\/latrinite-neuilly.fr\/#website","url":"https:\/\/latrinite-neuilly.fr\/","name":"La Trinit\u00e9 Neuilly","description":"Exigence sans \u00e9litisme, bienveillance sans complaisance.","publisher":{"@id":"https:\/\/latrinite-neuilly.fr\/#organization"},"potentialAction":[{"@type":"SearchAction","target":{"@type":"EntryPoint","urlTemplate":"https:\/\/latrinite-neuilly.fr\/?s={search_term_string}"},"query-input":{"@type":"PropertyValueSpecification","valueRequired":true,"valueName":"search_term_string"}}],"inLanguage":"fr-FR"},{"@type":"Organization","@id":"https:\/\/latrinite-neuilly.fr\/#organization","name":"Groupe scolaire La Trinit\u00e9 Neuilly","alternateName":"La trinit\u00e9 Neuilly","url":"https:\/\/latrinite-neuilly.fr\/","logo":{"@type":"ImageObject","inLanguage":"fr-FR","@id":"https:\/\/latrinite-neuilly.fr\/#\/schema\/logo\/image\/","url":"https:\/\/latrinite-neuilly.fr\/wp-content\/uploads\/2025\/02\/logo-la-trinite-HD-3.png","contentUrl":"https:\/\/latrinite-neuilly.fr\/wp-content\/uploads\/2025\/02\/logo-la-trinite-HD-3.png","width":94,"height":137,"caption":"Groupe scolaire La Trinit\u00e9 Neuilly"},"image":{"@id":"https:\/\/latrinite-neuilly.fr\/#\/schema\/logo\/image\/"}},{"@type":"Person","@id":"https:\/\/latrinite-neuilly.fr\/#\/schema\/person\/9eba293ac3d1b349f8a0a40421d6130f","name":"M OUAR","image":{"@type":"ImageObject","inLanguage":"fr-FR","@id":"https:\/\/secure.gravatar.com\/avatar\/8f419abbbfd193e9fd930f1c591d7d2ef3977a349785da40d32d4aea63cbf269?s=96&d=mm&r=g","url":"https:\/\/secure.gravatar.com\/avatar\/8f419abbbfd193e9fd930f1c591d7d2ef3977a349785da40d32d4aea63cbf269?s=96&d=mm&r=g","contentUrl":"https:\/\/secure.gravatar.com\/avatar\/8f419abbbfd193e9fd930f1c591d7d2ef3977a349785da40d32d4aea63cbf269?s=96&d=mm&r=g","caption":"M OUAR"},"sameAs":["https:\/\/latrinite-neuilly.fr"],"url":"https:\/\/latrinite-neuilly.fr\/?author=4"}]}},"_links":{"self":[{"href":"https:\/\/latrinite-neuilly.fr\/index.php?rest_route=\/wp\/v2\/posts\/3043","targetHints":{"allow":["GET"]}}],"collection":[{"href":"https:\/\/latrinite-neuilly.fr\/index.php?rest_route=\/wp\/v2\/posts"}],"about":[{"href":"https:\/\/latrinite-neuilly.fr\/index.php?rest_route=\/wp\/v2\/types\/post"}],"author":[{"embeddable":true,"href":"https:\/\/latrinite-neuilly.fr\/index.php?rest_route=\/wp\/v2\/users\/4"}],"replies":[{"embeddable":true,"href":"https:\/\/latrinite-neuilly.fr\/index.php?rest_route=%2Fwp%2Fv2%2Fcomments&post=3043"}],"version-history":[{"count":1,"href":"https:\/\/latrinite-neuilly.fr\/index.php?rest_route=\/wp\/v2\/posts\/3043\/revisions"}],"predecessor-version":[{"id":3050,"href":"https:\/\/latrinite-neuilly.fr\/index.php?rest_route=\/wp\/v2\/posts\/3043\/revisions\/3050"}],"wp:featuredmedia":[{"embeddable":true,"href":"https:\/\/latrinite-neuilly.fr\/index.php?rest_route=\/wp\/v2\/media\/3044"}],"wp:attachment":[{"href":"https:\/\/latrinite-neuilly.fr\/index.php?rest_route=%2Fwp%2Fv2%2Fmedia&parent=3043"}],"wp:term":[{"taxonomy":"category","embeddable":true,"href":"https:\/\/latrinite-neuilly.fr\/index.php?rest_route=%2Fwp%2Fv2%2Fcategories&post=3043"},{"taxonomy":"post_tag","embeddable":true,"href":"https:\/\/latrinite-neuilly.fr\/index.php?rest_route=%2Fwp%2Fv2%2Ftags&post=3043"}],"curies":[{"name":"wp","href":"https:\/\/api.w.org\/{rel}","templated":true}]}}